{"id":658,"date":"2011-06-09T01:13:42","date_gmt":"2011-06-08T23:13:42","guid":{"rendered":"http:\/\/regrowingeden.ch\/?p=658"},"modified":"2016-02-22T16:39:54","modified_gmt":"2016-02-22T14:39:54","slug":"roundtable-discussion-art-as-environmetal-politics","status":"publish","type":"post","link":"https:\/\/regrowingeden.ch\/?p=658","title":{"rendered":"roundtable discussion &#8220;art as environmetal politics&#8221;"},"content":{"rendered":"<p><a href=\"http:\/\/regrowingeden.ch\/wp-content\/uploads\/_4.jpg\"><img loading=\"lazy\" decoding=\"async\" class=\"alignnone size-full wp-image-418\" title=\"SOIL\" src=\"http:\/\/regrowingeden.ch\/wp-content\/uploads\/_4.jpg\" alt=\"SOIL\" width=\"500\" height=\"375\" \/><\/a><\/p>\n<p><strong>Herzliche Einladung zum Roundtablegespr\u00e4ch &#8220;Kunst als Umweltpolitik?&#8221; am 14. Juni, um 18 Uhr anl\u00e4sslich\u00a0der Ausstellung <\/strong><a href=\"http:\/\/www.kunsthalleluzern.ch\/programm\" target=\"_blank\"><strong>think art &#8211; act science<\/strong><\/a><strong>.<\/strong><\/p>\n<p>TeilnehmerInnen: Michael Kaufmann (Rektor der Hochschule Luzern, Musik), Michael Noser (K\u00fcnstler, Luzern), <strong>Hina Str\u00fcver (K\u00fcnstlerin, ail-Stipendiatin, Z\u00fcrich)<\/strong>, Angelika Hilbeck (Wissenschaftlerin, Institut f\u00fcr Integrative Biologie, ETH Z\u00fcrich). Moderiert von Max Wechsler (Kunstpublizist, Luzern).<\/p>\n<p>Die Folgen des Klimawandels stellen uns vor vielf\u00e4ltige Fragen und Herausforderungen. Das \u201aKlimaproblem\u2019<!--more--> manifestiert sich als kulturelle Fragestellung, durch die wir als Gesellschaft mit unserer Vorstellung der Zukunft konfrontiert werden.<\/p>\n<p>Zunehmend zeichnet sich ab, dass erfolgreiche Strategien und L\u00f6sungsans\u00e4tze durch einen verst\u00e4rkten interdisziplin\u00e4ren Austausch von Ideen, Informationen und Know-how jenseits von Sachzw\u00e4ngen erarbeitet werden k\u00f6nnen. F\u00fcr ihre praktische Umsetzung m\u00fcssen die Ergebnisse dieser gegenseitigen Inspirationen und gemeinschaftlicher Kooperationen unterschiedlicher Disziplinen einer breiten \u00d6ffentlichkeit zug\u00e4nglich gemacht werden.<\/p>\n<p>Welche Rolle spielt die Kunst bei der Gestaltung von Gegenwart und Zukunft? Kunst kann ein Seismograf gesellschaftlicher Ver\u00e4nderungen sein &#8211; aber kann die Aufl\u00f6sung von disziplin\u00e4ren Grenzen zwischen Kunst und Wissenschaft auch dazu beitragen, neue L\u00f6sungen f\u00fcr einen \u201enachhaltigen Fortschritt\u201c (technologisch, gesellschaftlich, \u00f6kologisch, \u00e4sthetisch) zu entwickeln?<\/p>\n<p>Kunst kann \u00d6ffentlichkeit herstellen. Auf welche Weise generiert sie auch Ankn\u00fcpfungspunkte f\u00fcr die Ver\u00e4nderungsbereitschaft in der Gesellschaft? Ist das \u201eBetriebssystem Kunst\u201c (Th. Wulffen) bereit f\u00fcr Kunstpraktiken, die transdisziplin\u00e4res Fachwissen einbeziehen? Wie k\u00f6nnen wir mit Mitteln der Kunst soziale und politische Entscheidungsprozesse beeinflussen und neu gestalten?<\/p>\n<p>Die Diskussion bildet ihrerseits eine Erg\u00e4nzung zum Rahmenprogramm der Ausstellung think art &#8211; act science mit den Filmen von Nikolaus Geyrhalter im Stattkino Luzern.<\/p>\n<p><a href=\"http:\/\/regrowingeden.ch\/wp-content\/uploads\/image.jpg\"><img loading=\"lazy\" decoding=\"async\" class=\"alignnone size-full wp-image-665\" title=\"image\" src=\"http:\/\/regrowingeden.ch\/wp-content\/uploads\/image.jpg\" alt=\"image\" width=\"170\" height=\"170\" srcset=\"https:\/\/regrowingeden.ch\/wp-content\/uploads\/image.jpg 170w, https:\/\/regrowingeden.ch\/wp-content\/uploads\/image-150x150.jpg 150w\" sizes=\"auto, (max-width: 170px) 100vw, 170px\" \/><\/a><br \/>\nkunsthalle luzern<br \/>\nnewsletter@kunsthalleluzern.ch<br \/>\n\u2013<br \/>\nbourbaki<br \/>\npostfach 3202<br \/>\nl\u00f6wenplatz 11<br \/>\n6004 luzern<br \/>\n\u2013<br \/>\n+41 412 08 09<br \/>\n<a href=\"www.kunsthalleluzern.ch\">www.kunsthalleluzern.ch<\/a><\/p>\n","protected":false},"excerpt":{"rendered":"<p>Herzliche Einladung zum Roundtablegespr\u00e4ch &#8220;Kunst als Umweltpolitik?&#8221; am 14. Juni, um 18 Uhr anl\u00e4sslich\u00a0der Ausstellung think art &#8211; act science. TeilnehmerInnen: Michael Kaufmann (Rektor der Hochschule Luzern, Musik), Michael Noser (K\u00fcnstler, Luzern), Hina Str\u00fcver (K\u00fcnstlerin, ail-Stipendiatin, Z\u00fcrich), Angelika Hilbeck (Wissenschaftlerin, Institut f\u00fcr Integrative Biologie, ETH Z\u00fcrich). Moderiert von Max Wechsler (Kunstpublizist, Luzern). Die Folgen des [&hellip;]<\/p>\n","protected":false},"author":1,"featured_media":0,"comment_status":"open","ping_status":"open","sticky":false,"template":"","format":"standard","meta":{"footnotes":""},"categories":[22],"tags":[],"class_list":["post-658","post","type-post","status-publish","format-standard","hentry","category-artists-in-lab"],"_links":{"self":[{"href":"https:\/\/regrowingeden.ch\/index.php?rest_route=\/wp\/v2\/posts\/658","targetHints":{"allow":["GET"]}}],"collection":[{"href":"https:\/\/regrowingeden.ch\/index.php?rest_route=\/wp\/v2\/posts"}],"about":[{"href":"https:\/\/regrowingeden.ch\/index.php?rest_route=\/wp\/v2\/types\/post"}],"author":[{"embeddable":true,"href":"https:\/\/regrowingeden.ch\/index.php?rest_route=\/wp\/v2\/users\/1"}],"replies":[{"embeddable":true,"href":"https:\/\/regrowingeden.ch\/index.php?rest_route=%2Fwp%2Fv2%2Fcomments&post=658"}],"version-history":[{"count":8,"href":"https:\/\/regrowingeden.ch\/index.php?rest_route=\/wp\/v2\/posts\/658\/revisions"}],"predecessor-version":[{"id":669,"href":"https:\/\/regrowingeden.ch\/index.php?rest_route=\/wp\/v2\/posts\/658\/revisions\/669"}],"wp:attachment":[{"href":"https:\/\/regrowingeden.ch\/index.php?rest_route=%2Fwp%2Fv2%2Fmedia&parent=658"}],"wp:term":[{"taxonomy":"category","embeddable":true,"href":"https:\/\/regrowingeden.ch\/index.php?rest_route=%2Fwp%2Fv2%2Fcategories&post=658"},{"taxonomy":"post_tag","embeddable":true,"href":"https:\/\/regrowingeden.ch\/index.php?rest_route=%2Fwp%2Fv2%2Ftags&post=658"}],"curies":[{"name":"wp","href":"https:\/\/api.w.org\/{rel}","templated":true}]}}